{"id":12188,"date":"2021-09-28T16:15:03","date_gmt":"2021-09-28T14:15:03","guid":{"rendered":"https:\/\/www.drive-innov.com\/valence\/?p=12188"},"modified":"2025-02-05T16:11:03","modified_gmt":"2025-02-05T15:11:03","slug":"l-handicap-et-la-conduite-sont-ils-compatibles","status":"publish","type":"post","link":"https:\/\/www.drive-innov.com\/valence\/l-handicap-et-la-conduite-sont-ils-compatibles\/","title":{"rendered":"Le handicap et la conduite sont ils compatibles ?"},"content":{"rendered":"\t\t<div data-elementor-type=\"wp-post\" data-elementor-id=\"12188\" class=\"elementor elementor-12188\" data-elementor-post-type=\"post\">\n\t\t\t\t\t\t<section class=\"elementor-section elementor-top-section elementor-element elementor-element-f444be0 elementor-section-boxed elementor-section-height-default elementor-section-height-default\" data-id=\"f444be0\" data-element_type=\"section\" data-e-type=\"section\" data-settings=\"{&quot;jet_parallax_layout_list&quot;:[{&quot;jet_parallax_layout_image&quot;:{&quot;url&quot;:&quot;&quot;,&quot;id&quot;:&quot;&quot;,&quot;size&quot;:&quot;&quot;},&quot;_id&quot;:&quot;39003a4&quot;,&quot;jet_parallax_layout_image_tablet&quot;:{&quot;url&quot;:&quot;&quot;,&quot;id&quot;:&quot;&quot;,&quot;size&quot;:&quot;&quot;},&quot;jet_parallax_layout_image_mobile&quot;:{&quot;url&quot;:&quot;&quot;,&quot;id&quot;:&quot;&quot;,&quot;size&quot;:&quot;&quot;},&quot;jet_parallax_layout_speed&quot;:{&quot;unit&quot;:&quot;%&quot;,&quot;size&quot;:50,&quot;sizes&quot;:[]},&quot;jet_parallax_layout_type&quot;:&quot;scroll&quot;,&quot;jet_parallax_layout_direction&quot;:&quot;1&quot;,&quot;jet_parallax_layout_fx_direction&quot;:null,&quot;jet_parallax_layout_z_index&quot;:&quot;&quot;,&quot;jet_parallax_layout_bg_x&quot;:50,&quot;jet_parallax_layout_bg_x_tablet&quot;:&quot;&quot;,&quot;jet_parallax_layout_bg_x_mobile&quot;:&quot;&quot;,&quot;jet_parallax_layout_bg_y&quot;:50,&quot;jet_parallax_layout_bg_y_tablet&quot;:&quot;&quot;,&quot;jet_parallax_layout_bg_y_mobile&quot;:&quot;&quot;,&quot;jet_parallax_layout_bg_size&quot;:&quot;auto&quot;,&quot;jet_parallax_layout_bg_size_tablet&quot;:&quot;&quot;,&quot;jet_parallax_layout_bg_size_mobile&quot;:&quot;&quot;,&quot;jet_parallax_layout_animation_prop&quot;:&quot;transform&quot;,&quot;jet_parallax_layout_on&quot;:[&quot;desktop&quot;,&quot;tablet&quot;]}]}\">\n\t\t\t\t\t\t<div class=\"elementor-container elementor-column-gap-default\">\n\t\t\t\t\t<div class=\"elementor-column elementor-col-100 elementor-top-column elementor-element elementor-element-a33f2eb\" data-id=\"a33f2eb\" data-element_type=\"column\" data-e-type=\"column\">\n\t\t\t<div class=\"elementor-widget-wrap elementor-element-populated\">\n\t\t\t\t\t\t<div class=\"elementor-element elementor-element-6cff4f9 elementor-widget elementor-widget-image\" data-id=\"6cff4f9\" data-element_type=\"widget\" data-e-type=\"widget\" data-widget_type=\"image.default\">\n\t\t\t\t<div class=\"elementor-widget-container\">\n\t\t\t\t\t\t\t\t\t\t\t\t\t\t\t<img fetchpriority=\"high\" decoding=\"async\" width=\"300\" height=\"200\" src=\"https:\/\/www.drive-innov.com\/valence\/wp-content\/uploads\/sites\/2\/2021\/09\/Le-handicap-et-la-conduite-300x200.jpg\" class=\"attachment-medium size-medium wp-image-12189\" alt=\"\" srcset=\"https:\/\/www.drive-innov.com\/valence\/wp-content\/uploads\/sites\/2\/2021\/09\/Le-handicap-et-la-conduite-300x200.jpg 300w, https:\/\/www.drive-innov.com\/valence\/wp-content\/uploads\/sites\/2\/2021\/09\/Le-handicap-et-la-conduite-1024x683.jpg 1024w, https:\/\/www.drive-innov.com\/valence\/wp-content\/uploads\/sites\/2\/2021\/09\/Le-handicap-et-la-conduite-768x512.jpg 768w, https:\/\/www.drive-innov.com\/valence\/wp-content\/uploads\/sites\/2\/2021\/09\/Le-handicap-et-la-conduite-600x400.jpg 600w, https:\/\/www.drive-innov.com\/valence\/wp-content\/uploads\/sites\/2\/2021\/09\/Le-handicap-et-la-conduite.jpg 1536w\" sizes=\"(max-width: 300px) 100vw, 300px\" \/>\t\t\t\t\t\t\t\t\t\t\t\t\t\t\t<\/div>\n\t\t\t\t<\/div>\n\t\t\t\t\t<\/div>\n\t\t<\/div>\n\t\t\t\t\t<\/div>\n\t\t<\/section>\n\t\t\t\t<section class=\"elementor-section elementor-top-section elementor-element elementor-element-53dcbcf elementor-section-boxed elementor-section-height-default elementor-section-height-default\" data-id=\"53dcbcf\" data-element_type=\"section\" data-e-type=\"section\" data-settings=\"{&quot;jet_parallax_layout_list&quot;:[{&quot;jet_parallax_layout_image&quot;:{&quot;url&quot;:&quot;&quot;,&quot;id&quot;:&quot;&quot;,&quot;size&quot;:&quot;&quot;},&quot;_id&quot;:&quot;1e8d695&quot;,&quot;jet_parallax_layout_image_tablet&quot;:{&quot;url&quot;:&quot;&quot;,&quot;id&quot;:&quot;&quot;,&quot;size&quot;:&quot;&quot;},&quot;jet_parallax_layout_image_mobile&quot;:{&quot;url&quot;:&quot;&quot;,&quot;id&quot;:&quot;&quot;,&quot;size&quot;:&quot;&quot;},&quot;jet_parallax_layout_speed&quot;:{&quot;unit&quot;:&quot;%&quot;,&quot;size&quot;:50,&quot;sizes&quot;:[]},&quot;jet_parallax_layout_type&quot;:&quot;scroll&quot;,&quot;jet_parallax_layout_direction&quot;:&quot;1&quot;,&quot;jet_parallax_layout_fx_direction&quot;:null,&quot;jet_parallax_layout_z_index&quot;:&quot;&quot;,&quot;jet_parallax_layout_bg_x&quot;:50,&quot;jet_parallax_layout_bg_x_tablet&quot;:&quot;&quot;,&quot;jet_parallax_layout_bg_x_mobile&quot;:&quot;&quot;,&quot;jet_parallax_layout_bg_y&quot;:50,&quot;jet_parallax_layout_bg_y_tablet&quot;:&quot;&quot;,&quot;jet_parallax_layout_bg_y_mobile&quot;:&quot;&quot;,&quot;jet_parallax_layout_bg_size&quot;:&quot;auto&quot;,&quot;jet_parallax_layout_bg_size_tablet&quot;:&quot;&quot;,&quot;jet_parallax_layout_bg_size_mobile&quot;:&quot;&quot;,&quot;jet_parallax_layout_animation_prop&quot;:&quot;transform&quot;,&quot;jet_parallax_layout_on&quot;:[&quot;desktop&quot;,&quot;tablet&quot;]}]}\">\n\t\t\t\t\t\t<div class=\"elementor-container elementor-column-gap-default\">\n\t\t\t\t\t<div class=\"elementor-column elementor-col-100 elementor-top-column elementor-element elementor-element-baf0a82\" data-id=\"baf0a82\" data-element_type=\"column\" data-e-type=\"column\">\n\t\t\t<div class=\"elementor-widget-wrap elementor-element-populated\">\n\t\t\t\t\t\t<div class=\"elementor-element elementor-element-0a8599e elementor-widget elementor-widget-text-editor\" data-id=\"0a8599e\" data-element_type=\"widget\" data-e-type=\"widget\" data-widget_type=\"text-editor.default\">\n\t\t\t\t<div class=\"elementor-widget-container\">\n\t\t\t\t\t\t\t\t\t<section class=\"elementor-section elementor-top-section elementor-element elementor-element-06fdbc5 elementor-section-boxed elementor-section-height-default elementor-section-height-default\" data-id=\"06fdbc5\" data-element_type=\"section\"><div class=\"elementor-container elementor-column-gap-default\"><div class=\"elementor-row\"><div class=\"elementor-column elementor-col-100 elementor-top-column elementor-element elementor-element-92f90e6\" data-id=\"92f90e6\" data-element_type=\"column\"><div class=\"elementor-column-wrap elementor-element-populated\"><div class=\"elementor-widget-wrap\"><div class=\"elementor-element elementor-element-0c459b4 elementor-widget elementor-widget-heading is-mac\" data-id=\"0c459b4\" data-element_type=\"widget\" data-widget_type=\"heading.default\"><div class=\"elementor-widget-container\"><h2 class=\"elementor-heading-title elementor-size-default\">Qui a dit que passer son permis \u00e9tait interdit aux personnes ayant un handicap ?<\/h2><\/div><\/div><\/div><\/div><\/div><\/div><\/div><\/section><section class=\"elementor-section elementor-top-section elementor-element elementor-element-3eccddf elementor-section-boxed elementor-section-height-default elementor-section-height-default\" data-id=\"3eccddf\" data-element_type=\"section\"><div class=\"elementor-container elementor-column-gap-default\"><div class=\"elementor-row\"><div class=\"elementor-column elementor-col-100 elementor-top-column elementor-element elementor-element-d1d2428\" data-id=\"d1d2428\" data-element_type=\"column\"><div class=\"elementor-column-wrap elementor-element-populated\"><div class=\"elementor-widget-wrap\"><div class=\"elementor-element elementor-element-83eeb23 elementor-widget elementor-widget-text-editor is-mac\" data-id=\"83eeb23\" data-element_type=\"widget\" data-widget_type=\"text-editor.default\"><div class=\"elementor-widget-container\"><div class=\"elementor-text-editor elementor-clearfix\">Aujourd\u2019hui nous nous sommes pench\u00e9s sur le sujet pour r\u00e9pondre au mieux \u00e0 vos int\u00e9rrogations. Selon\u00a0<a href=\"https:\/\/www.legifrance.gouv.fr\/codes\/article_lc\/LEGIARTI000019277061\/#:~:text=I.,voies%20ouvertes%20%C3%A0%20la%20circulation.\" target=\"_blank\" rel=\"noopener\">l\u2019article R. 412-6<\/a> du code de la route, toute personne a le droit de passer le permis de conduire \u00e0 condition que cette derni\u00e8re fasse toutes les manoeuvres n\u00e9cessaires \u00e0 la conduite.<\/div><div>\u00a0<\/div><div class=\"elementor-text-editor elementor-clearfix\">N\u00e9anmoins, le permis de conduire ne peut \u00eatre attribuer aux personnes qui ne peuvent pas assurer la s\u00e9curit\u00e9 de tous lors de la conduite. De ce fait, Il y\u2019a donc certains handicap qui ne sont pas compatible avec la conduite comme les pathologies cardio-vasculaire notamment les insuffisance cardiaque en stade \u00e9volu\u00e9.<\/div><div>\u00a0<\/div><div class=\"elementor-text-editor elementor-clearfix\">Les troubles psychiatriques comme par exemple les somnolences r\u00e9p\u00e9titives qui peuvent \u00eatre la cause d\u2019accident dangeureux sur la route. Il y\u2019a certains handicap qui sont compatibles avec la conduite comme le handicap physique, visuel et auditif.<\/div><div>\u00a0<\/div><\/div><\/div><\/div><\/div><\/div><\/div><\/div><\/section><section class=\"elementor-section elementor-top-section elementor-element elementor-element-95d8b63 elementor-section-boxed elementor-section-height-default elementor-section-height-default\" data-id=\"95d8b63\" data-element_type=\"section\"><div class=\"elementor-container elementor-column-gap-default\"><div class=\"elementor-row\"><div class=\"elementor-column elementor-col-100 elementor-top-column elementor-element elementor-element-104facd\" data-id=\"104facd\" data-element_type=\"column\"><div class=\"elementor-column-wrap elementor-element-populated\"><div class=\"elementor-widget-wrap\"><div class=\"elementor-element elementor-element-2ee9c3e elementor-widget elementor-widget-heading is-mac\" data-id=\"2ee9c3e\" data-element_type=\"widget\" data-widget_type=\"heading.default\"><div class=\"elementor-widget-container\"><h2 class=\"elementor-heading-title elementor-size-default\">Une personne peut-elle conduire avec un handicap physique ?<\/h2><\/div><\/div><\/div><\/div><\/div><\/div><\/div><\/section><section class=\"elementor-section elementor-top-section elementor-element elementor-element-1af0f76 elementor-section-boxed elementor-section-height-default elementor-section-height-default\" data-id=\"1af0f76\" data-element_type=\"section\"><div class=\"elementor-container elementor-column-gap-default\"><div class=\"elementor-row\"><div class=\"elementor-column elementor-col-100 elementor-top-column elementor-element elementor-element-354a277\" data-id=\"354a277\" data-element_type=\"column\"><div class=\"elementor-column-wrap elementor-element-populated\"><div class=\"elementor-widget-wrap\"><div class=\"elementor-element elementor-element-50d503b elementor-widget elementor-widget-text-editor is-mac\" data-id=\"50d503b\" data-element_type=\"widget\" data-widget_type=\"text-editor.default\"><div class=\"elementor-widget-container\"><div class=\"elementor-text-editor elementor-clearfix\"><p>Nous avons pour habitude de croire que le handicap physique est imcompatible avec la conduite. Nous pouvons clairement r\u00e9pondre \u00e0 cette interrogation en disant qu\u2019une personne peut clairement passer son permis de conduire en ayant un handicap. Mais comment est-ce possible ?<\/p><p>Il suffit de faire un am\u00e9nagement du v\u00e9hicule adapt\u00e9 en fonction de l\u2019handicap du conducteur. L\u2019am\u00e9nagement doit \u00eatre valid\u00e9 par un m\u00e9d\u00e9cin et un expert technique. N\u00e9anmoins, dans l\u2019incapacit\u00e9 de l\u2019amm\u00e9nagement du v\u00e9hicule, le permis de conduire ne peut \u00eatre d\u00e9livr\u00e9 et donc cette aura l\u2019interdiction de conduire.<\/p><\/div><\/div><\/div><\/div><\/div><\/div><\/div><\/div><\/section><section class=\"elementor-section elementor-top-section elementor-element elementor-element-81f54b5 elementor-section-boxed elementor-section-height-default elementor-section-height-default\" data-id=\"81f54b5\" data-element_type=\"section\"><div class=\"elementor-container elementor-column-gap-default\"><div class=\"elementor-row\"><div class=\"elementor-column elementor-col-100 elementor-top-column elementor-element elementor-element-0dfc03f\" data-id=\"0dfc03f\" data-element_type=\"column\"><div class=\"elementor-column-wrap elementor-element-populated\"><div class=\"elementor-widget-wrap\"><div class=\"elementor-element elementor-element-a6546af elementor-widget elementor-widget-heading is-mac\" data-id=\"a6546af\" data-element_type=\"widget\" data-widget_type=\"heading.default\"><div class=\"elementor-widget-container\"><h2 class=\"elementor-heading-title elementor-size-default\">Le handicap visuel est il compatible avec la conduite ?<\/h2><\/div><\/div><\/div><\/div><\/div><\/div><\/div><\/section><section class=\"elementor-section elementor-top-section elementor-element elementor-element-2571c3d elementor-section-boxed elementor-section-height-default elementor-section-height-default\" data-id=\"2571c3d\" data-element_type=\"section\"><div class=\"elementor-container elementor-column-gap-default\"><div class=\"elementor-row\"><div class=\"elementor-column elementor-col-100 elementor-top-column elementor-element elementor-element-275c98d\" data-id=\"275c98d\" data-element_type=\"column\"><div class=\"elementor-column-wrap elementor-element-populated\"><div class=\"elementor-widget-wrap\"><div class=\"elementor-element elementor-element-1fd71f5 elementor-widget elementor-widget-text-editor is-mac\" data-id=\"1fd71f5\" data-element_type=\"widget\" data-widget_type=\"text-editor.default\"><div class=\"elementor-widget-container\"><div class=\"elementor-text-editor elementor-clearfix\"><p>Avoir un handicap n\u2019est pas forc\u00e9ment synonyme d\u2019incapacit\u00e9 de conduire. Le conducteur concern\u00e9 doit trouv\u00e9 des alternatives en fonction de son handicap visuel, c\u2019est-\u00e0-dire si une personne a du mal \u00e0 voir la nuit cette derni\u00e8re se verra donc l\u2019interdiction de conduire d\u00e8s le coucher du soleil.<\/p><p>N\u00e9anmoins, le conducteur doit recevoir une validation de son m\u00e9d\u00e9cin lui autorisant de conduire ou pas en fonction du stade de l\u2019handicap visuel.<\/p><\/div><\/div><\/div><\/div><\/div><\/div><\/div><\/div><\/section><section class=\"elementor-section elementor-top-section elementor-element elementor-element-1feaf89 elementor-section-boxed elementor-section-height-default elementor-section-height-default\" data-id=\"1feaf89\" data-element_type=\"section\"><div class=\"elementor-container elementor-column-gap-default\"><div class=\"elementor-row\"><div class=\"elementor-column elementor-col-100 elementor-top-column elementor-element elementor-element-9ef44af\" data-id=\"9ef44af\" data-element_type=\"column\"><div class=\"elementor-column-wrap elementor-element-populated\"><div class=\"elementor-widget-wrap\"><div class=\"elementor-element elementor-element-ac723a5 elementor-widget elementor-widget-heading is-mac\" data-id=\"ac723a5\" data-element_type=\"widget\" data-widget_type=\"heading.default\"><div class=\"elementor-widget-container\"><h2 class=\"elementor-heading-title elementor-size-default\">Les personnes malentendantes peuvent-elles passer le permis ?<\/h2><\/div><\/div><\/div><\/div><\/div><\/div><\/div><\/section><section class=\"elementor-section elementor-top-section elementor-element elementor-element-34be32c elementor-section-boxed elementor-section-height-default elementor-section-height-default\" data-id=\"34be32c\" data-element_type=\"section\"><div class=\"elementor-container elementor-column-gap-default\"><div class=\"elementor-row\"><div class=\"elementor-column elementor-col-100 elementor-top-column elementor-element elementor-element-7e1bb2b\" data-id=\"7e1bb2b\" data-element_type=\"column\"><div class=\"elementor-column-wrap elementor-element-populated\"><div class=\"elementor-widget-wrap\"><div class=\"elementor-element elementor-element-9abba62 elementor-widget elementor-widget-text-editor is-mac\" data-id=\"9abba62\" data-element_type=\"widget\" data-widget_type=\"text-editor.default\"><div class=\"elementor-widget-container\"><div class=\"elementor-text-editor elementor-clearfix\"><p>Et oui! les personnes ayant un handicap auditif peuvent bel et bien passer le permis de conduire.\u00a0 N\u00e9anmoins, des \u00e9preuves sp\u00e9cifiques sont pr\u00e9vues pour les candidats sourds ou malentendants<\/p><\/div><\/div><\/div><\/div><\/div><\/div><\/div><\/div><\/section><section class=\"elementor-section elementor-top-section elementor-element elementor-element-b68d940 elementor-section-boxed elementor-section-height-default elementor-section-height-default\" data-id=\"b68d940\" data-element_type=\"section\"><div class=\"elementor-container elementor-column-gap-default\"><div class=\"elementor-row\"><div class=\"elementor-column elementor-col-100 elementor-top-column elementor-element elementor-element-29c06be\" data-id=\"29c06be\" data-element_type=\"column\"><div class=\"elementor-column-wrap elementor-element-populated\"><div class=\"elementor-widget-wrap\"><div class=\"elementor-element elementor-element-4963987 elementor-widget elementor-widget-heading is-mac\" data-id=\"4963987\" data-element_type=\"widget\" data-widget_type=\"heading.default\"><div class=\"elementor-widget-container\"><h2 class=\"elementor-heading-title elementor-size-default\">Et qu&rsquo;en est-il des personnes ayant un trouble dys ?<\/h2><\/div><\/div><\/div><\/div><\/div><\/div><\/div><\/section><section class=\"elementor-section elementor-top-section elementor-element elementor-element-8bcdaff elementor-section-boxed elementor-section-height-default elementor-section-height-default\" data-id=\"8bcdaff\" data-element_type=\"section\"><div class=\"elementor-container elementor-column-gap-default\"><div class=\"elementor-row\"><div class=\"elementor-column elementor-col-100 elementor-top-column elementor-element elementor-element-0f559dd\" data-id=\"0f559dd\" data-element_type=\"column\"><div class=\"elementor-column-wrap elementor-element-populated\"><div class=\"elementor-widget-wrap\"><div class=\"elementor-element elementor-element-4a537ec elementor-widget elementor-widget-text-editor is-mac\" data-id=\"4a537ec\" data-element_type=\"widget\" data-widget_type=\"text-editor.default\"><div class=\"elementor-widget-container\"><div class=\"elementor-text-editor elementor-clearfix\"><p>Les personnes ayant un trouble dys peuvent conduire malgr\u00e9 le fait que cela demande beaucoup de temps et de patience pour les dyslexique par exemple.<\/p><p>N\u00e9anmoins, il faut une obligation de passer devant un m\u00e9d\u00e9cin et d\u2019avoir une autorisation de conduire.<\/p><\/div><\/div><\/div><\/div><\/div><\/div><\/div><\/div><\/section><section class=\"elementor-section elementor-top-section elementor-element elementor-element-e75300f elementor-section-boxed elementor-section-height-default elementor-section-height-default\" data-id=\"e75300f\" data-element_type=\"section\"><div class=\"elementor-container elementor-column-gap-default\"><div class=\"elementor-row\"><div class=\"elementor-column elementor-col-100 elementor-top-column elementor-element elementor-element-d7799fc\" data-id=\"d7799fc\" data-element_type=\"column\"><div class=\"elementor-column-wrap elementor-element-populated\"><div class=\"elementor-widget-wrap\"><div class=\"elementor-element elementor-element-67f7909 elementor-widget elementor-widget-heading is-mac\" data-id=\"67f7909\" data-element_type=\"widget\" data-widget_type=\"heading.default\"><div class=\"elementor-widget-container\"><h2 class=\"elementor-heading-title elementor-size-default\">Retrouvez un extrait de vid\u00e9o de Franck Gastambide \u00e9voquant la dyslexie<\/h2><\/div><\/div><\/div><\/div><\/div><\/div><\/div><\/section><section class=\"elementor-section elementor-top-section elementor-element elementor-element-9b0315c elementor-section-boxed elementor-section-height-default elementor-section-height-default\" data-id=\"9b0315c\" data-element_type=\"section\"><div class=\"elementor-container elementor-column-gap-default\"><div class=\"elementor-row\"><div class=\"elementor-column elementor-col-100 elementor-top-column elementor-element elementor-element-3b15697\" data-id=\"3b15697\" data-element_type=\"column\"><div class=\"elementor-column-wrap elementor-element-populated\"><div class=\"elementor-widget-wrap\"><div class=\"elementor-element elementor-element-4e2b12b elementor-align-center elementor-widget elementor-widget-button is-mac\" data-id=\"4e2b12b\" data-element_type=\"widget\" data-widget_type=\"button.default\"><div class=\"elementor-widget-container\"><div class=\"elementor-button-wrapper\"><span class=\"elementor-button-content-wrapper\"><span class=\"elementor-button-text\"><a class=\"elementor-button-link elementor-button elementor-size-sm\" role=\"button\" href=\"https:\/\/www.facebook.com\/permalink.php?story_fbid=295696308588873&amp;id=100044455187695\" target=\"_blank\" rel=\"noopener\">Cliquez ici<\/a><\/span><\/span><\/div><\/div><\/div><\/div><\/div><\/div><\/div><\/div><\/section>\t\t\t\t\t\t\t\t<\/div>\n\t\t\t\t<\/div>\n\t\t\t\t\t<\/div>\n\t\t<\/div>\n\t\t\t\t\t<\/div>\n\t\t<\/section>\n\t\t\t\t<\/div>\n\t\t","protected":false},"excerpt":{"rendered":"<p>Qui a dit que passer son permis \u00e9tait interdit aux personnes ayant un handicap ? Aujourd\u2019hui nous nous sommes pench\u00e9s sur le sujet pour r\u00e9pondre au mieux \u00e0 vos int\u00e9rrogations. Selon\u00a0l\u2019article R. 412-6 du code de la route, toute personne a le droit de passer le permis de conduire \u00e0 condition que cette derni\u00e8re fasse [&hellip;]<\/p>\n","protected":false},"author":1,"featured_media":0,"comment_status":"closed","ping_status":"closed","sticky":false,"template":"","format":"standard","meta":{"_monsterinsights_skip_tracking":false,"_monsterinsights_sitenote_active":false,"_monsterinsights_sitenote_note":"","_monsterinsights_sitenote_category":0,"_uf_show_specific_survey":0,"_uf_disable_surveys":false,"footnotes":""},"categories":[34],"tags":[],"class_list":["post-12188","post","type-post","status-publish","format-standard","hentry","category-drive-innov-valence"],"aioseo_notices":[],"jetpack_featured_media_url":"","_links":{"self":[{"href":"https:\/\/www.drive-innov.com\/valence\/wp-json\/wp\/v2\/posts\/12188","targetHints":{"allow":["GET"]}}],"collection":[{"href":"https:\/\/www.drive-innov.com\/valence\/wp-json\/wp\/v2\/posts"}],"about":[{"href":"https:\/\/www.drive-innov.com\/valence\/wp-json\/wp\/v2\/types\/post"}],"author":[{"embeddable":true,"href":"https:\/\/www.drive-innov.com\/valence\/wp-json\/wp\/v2\/users\/1"}],"replies":[{"embeddable":true,"href":"https:\/\/www.drive-innov.com\/valence\/wp-json\/wp\/v2\/comments?post=12188"}],"version-history":[{"count":0,"href":"https:\/\/www.drive-innov.com\/valence\/wp-json\/wp\/v2\/posts\/12188\/revisions"}],"wp:attachment":[{"href":"https:\/\/www.drive-innov.com\/valence\/wp-json\/wp\/v2\/media?parent=12188"}],"wp:term":[{"taxonomy":"category","embeddable":true,"href":"https:\/\/www.drive-innov.com\/valence\/wp-json\/wp\/v2\/categories?post=12188"},{"taxonomy":"post_tag","embeddable":true,"href":"https:\/\/www.drive-innov.com\/valence\/wp-json\/wp\/v2\/tags?post=12188"}],"curies":[{"name":"wp","href":"https:\/\/api.w.org\/{rel}","templated":true}]}}