{"id":12249,"date":"2021-10-14T14:58:55","date_gmt":"2021-10-14T12:58:55","guid":{"rendered":"https:\/\/www.drive-innov.com\/valence\/?p=12249"},"modified":"2026-04-22T11:57:55","modified_gmt":"2026-04-22T09:57:55","slug":"le-transport-domicile-ecole-a-valence-et-vous-comment-vous-vous-rendez-a-votre-ecole","status":"publish","type":"post","link":"https:\/\/www.drive-innov.com\/valence\/le-transport-domicile-ecole-a-valence-et-vous-comment-vous-vous-rendez-a-votre-ecole\/","title":{"rendered":"Le transport domicile-\u00e9cole \u00e0 Valence : et vous comment vous vous rendez \u00e0 votre \u00e9cole ?"},"content":{"rendered":"\t\t<div data-elementor-type=\"wp-post\" data-elementor-id=\"12249\" class=\"elementor elementor-12249\" data-elementor-post-type=\"post\">\n\t\t\t\t\t\t<section class=\"elementor-section elementor-top-section elementor-element elementor-element-6ffcafb elementor-section-boxed elementor-section-height-default elementor-section-height-default\" data-id=\"6ffcafb\" data-element_type=\"section\" data-e-type=\"section\" data-settings=\"{&quot;jet_parallax_layout_list&quot;:[{&quot;jet_parallax_layout_image&quot;:{&quot;url&quot;:&quot;&quot;,&quot;id&quot;:&quot;&quot;,&quot;size&quot;:&quot;&quot;},&quot;_id&quot;:&quot;cdc2840&quot;,&quot;jet_parallax_layout_image_tablet&quot;:{&quot;url&quot;:&quot;&quot;,&quot;id&quot;:&quot;&quot;,&quot;size&quot;:&quot;&quot;},&quot;jet_parallax_layout_image_mobile&quot;:{&quot;url&quot;:&quot;&quot;,&quot;id&quot;:&quot;&quot;,&quot;size&quot;:&quot;&quot;},&quot;jet_parallax_layout_speed&quot;:{&quot;unit&quot;:&quot;%&quot;,&quot;size&quot;:50,&quot;sizes&quot;:[]},&quot;jet_parallax_layout_type&quot;:&quot;scroll&quot;,&quot;jet_parallax_layout_direction&quot;:&quot;1&quot;,&quot;jet_parallax_layout_fx_direction&quot;:null,&quot;jet_parallax_layout_z_index&quot;:&quot;&quot;,&quot;jet_parallax_layout_bg_x&quot;:50,&quot;jet_parallax_layout_bg_x_tablet&quot;:&quot;&quot;,&quot;jet_parallax_layout_bg_x_mobile&quot;:&quot;&quot;,&quot;jet_parallax_layout_bg_y&quot;:50,&quot;jet_parallax_layout_bg_y_tablet&quot;:&quot;&quot;,&quot;jet_parallax_layout_bg_y_mobile&quot;:&quot;&quot;,&quot;jet_parallax_layout_bg_size&quot;:&quot;auto&quot;,&quot;jet_parallax_layout_bg_size_tablet&quot;:&quot;&quot;,&quot;jet_parallax_layout_bg_size_mobile&quot;:&quot;&quot;,&quot;jet_parallax_layout_animation_prop&quot;:&quot;transform&quot;,&quot;jet_parallax_layout_on&quot;:[&quot;desktop&quot;,&quot;tablet&quot;]}]}\">\n\t\t\t\t\t\t<div class=\"elementor-container elementor-column-gap-default\">\n\t\t\t\t\t<div class=\"elementor-column elementor-col-100 elementor-top-column elementor-element elementor-element-a5ffca0\" data-id=\"a5ffca0\" data-element_type=\"column\" data-e-type=\"column\">\n\t\t\t<div class=\"elementor-widget-wrap elementor-element-populated\">\n\t\t\t\t\t\t<div class=\"elementor-element elementor-element-52e6f87 elementor-widget elementor-widget-heading\" data-id=\"52e6f87\" data-element_type=\"widget\" data-e-type=\"widget\" data-widget_type=\"heading.default\">\n\t\t\t\t<div class=\"elementor-widget-container\">\n\t\t\t\t\t<h2 class=\"elementor-heading-title elementor-size-default\">L'Auto-Ecole Drive Innov de Valence va vous parler des transports domicile-\u00e9cole...<\/h2>\t\t\t\t<\/div>\n\t\t\t\t<\/div>\n\t\t\t\t<div class=\"elementor-element elementor-element-ab8b5cb elementor-widget elementor-widget-image\" data-id=\"ab8b5cb\" data-element_type=\"widget\" data-e-type=\"widget\" data-widget_type=\"image.default\">\n\t\t\t\t<div class=\"elementor-widget-container\">\n\t\t\t\t\t\t\t\t\t\t\t\t<figure class=\"wp-caption\">\n\t\t\t\t\t\t\t\t\t\t<img fetchpriority=\"high\" decoding=\"async\" width=\"300\" height=\"200\" src=\"https:\/\/www.drive-innov.com\/valence\/wp-content\/uploads\/sites\/2\/2026\/04\/491d920b-64df-40df-89a1-2cdc6bfd7cfb-300x200.png\" class=\"attachment-medium size-medium wp-image-15093\" alt=\"\" srcset=\"https:\/\/www.drive-innov.com\/valence\/wp-content\/uploads\/sites\/2\/2026\/04\/491d920b-64df-40df-89a1-2cdc6bfd7cfb-300x200.png 300w, https:\/\/www.drive-innov.com\/valence\/wp-content\/uploads\/sites\/2\/2026\/04\/491d920b-64df-40df-89a1-2cdc6bfd7cfb-1024x683.png 1024w, https:\/\/www.drive-innov.com\/valence\/wp-content\/uploads\/sites\/2\/2026\/04\/491d920b-64df-40df-89a1-2cdc6bfd7cfb-768x512.png 768w, https:\/\/www.drive-innov.com\/valence\/wp-content\/uploads\/sites\/2\/2026\/04\/491d920b-64df-40df-89a1-2cdc6bfd7cfb.png 1536w\" sizes=\"(max-width: 300px) 100vw, 300px\" \/>\t\t\t\t\t\t\t\t\t\t\t<figcaption class=\"widget-image-caption wp-caption-text\">Selon un sondage IFOP, l\u2019Auto-Ecole Drive Innov de Valence vous partage des informations sur le transport domicile-\u00e9cole.<\/figcaption>\n\t\t\t\t\t\t\t\t\t\t<\/figure>\n\t\t\t\t\t\t\t\t\t<\/div>\n\t\t\t\t<\/div>\n\t\t\t\t<div class=\"elementor-element elementor-element-b07ae93 elementor-widget elementor-widget-heading\" data-id=\"b07ae93\" data-element_type=\"widget\" data-e-type=\"widget\" data-widget_type=\"heading.default\">\n\t\t\t\t<div class=\"elementor-widget-container\">\n\t\t\t\t\t<h2 class=\"elementor-heading-title elementor-size-default\"><p style=\"text-align:justify;line-height:normal\"><b><span style=\"font-size:16.0pt;,sans-serif\">Quels sont les moyens de transports privil\u00e9gi\u00e9s pour aller \u00e0 l\u2019\u00e9cole&nbsp;? <\/span><\/b><span style=\"color: var( --e-global-color-primary );font-family: var( --e-global-typography-primary-font-family ), Sans-serif;font-size: 2rem;font-weight: var( --e-global-typography-primary-font-weight )\"><\/span><\/p><\/h2>\t\t\t\t<\/div>\n\t\t\t\t<\/div>\n\t\t\t\t<div class=\"elementor-element elementor-element-f803399 elementor-widget elementor-widget-text-editor\" data-id=\"f803399\" data-element_type=\"widget\" data-e-type=\"widget\" data-widget_type=\"text-editor.default\">\n\t\t\t\t<div class=\"elementor-widget-container\">\n\t\t\t\t\t\t\t\t\t<p class=\"MsoNormal\" style=\"margin-bottom: 0cm; text-align: justify; line-height: normal;\"><span style=\"font-size: 12.0pt; font-family: 'Arial',sans-serif; mso-fareast-font-family: 'Times New Roman'; mso-fareast-language: FR;\">En France, le mode de transport le plus utilis\u00e9 reste <a href=\"https:\/\/www.securite-routiere.gouv.fr\/reglementation-liee-aux-modes-de-deplacements\/en-voiture\">la voiture<\/a> \u00e0 usage individuel \u00e0 31%. La marche \u00e0 pied est le deuxi\u00e8me moyen de transport \u00e0 28% sachant que 39% des enfants habitent \u00e0 moins de 2 kilom\u00e8tres de l\u2019\u00e9cole.<\/span><\/p><p>\u00a0<\/p><p class=\"MsoNormal\" style=\"margin-bottom: 0cm; text-align: justify; line-height: normal;\"><span style=\"font-size: 12.0pt; font-family: 'Arial',sans-serif; mso-fareast-font-family: 'Times New Roman'; mso-fareast-language: FR;\">Le car scolaire est utilis\u00e9 pour plus de 18% des \u00e9l\u00e8ves et le bus 15%, pour les agglom\u00e9rations comme Valence. N\u00e9anmoins, seulement 2% des \u00e9l\u00e8ves se rendent \u00e0 l\u2019\u00e9cole en v\u00e9lo et 1% des \u00e9l\u00e8ves utilisent le covoiturage.<\/span><\/p><p>\u00a0<\/p><p class=\"MsoNormal\" style=\"margin-bottom: 0cm; text-align: justify; line-height: normal;\"><span style=\"font-size: 12.0pt; font-family: 'Arial',sans-serif; mso-fareast-font-family: 'Times New Roman'; mso-fareast-language: FR;\">La voiture reste le moyen de transport le plus utilis\u00e9. Au vu de l\u2019urgence climatique, il faut peut-\u00eatre se tourner vers d\u2019autres solutions.<\/span><\/p><p class=\"MsoNormal\" style=\"margin-bottom: 0cm; text-align: justify; line-height: normal;\"><span style=\"font-size: 12.0pt; font-family: 'Arial',sans-serif; mso-fareast-font-family: 'Times New Roman'; mso-fareast-language: FR;\">D\u2019autant plus qu\u2019\u00e0 Valence, avec les transports en commun, c\u2019est inutile d\u2019utiliser la voiture.<\/span><\/p>\t\t\t\t\t\t\t\t<\/div>\n\t\t\t\t<\/div>\n\t\t\t\t<div class=\"elementor-element elementor-element-5fef362 elementor-widget elementor-widget-heading\" data-id=\"5fef362\" data-element_type=\"widget\" data-e-type=\"widget\" data-widget_type=\"heading.default\">\n\t\t\t\t<div class=\"elementor-widget-container\">\n\t\t\t\t\t<h2 class=\"elementor-heading-title elementor-size-default\"><p style=\"text-align:justify;line-height:normal\"><span style=\"font-size:12.0pt;,sans-serif\">&nbsp;<\/span><b><span style=\"font-size:16.0pt;,sans-serif\">Quels sont les solutions pour \u00e9viter de se rendre en voiture \u00e0 Valence&nbsp;? <\/span><\/b><span style=\"color: var( --e-global-color-primary );font-family: var( --e-global-typography-primary-font-family ), Sans-serif;font-size: 2rem;font-weight: var( --e-global-typography-primary-font-weight )\"><\/span><\/p><\/h2>\t\t\t\t<\/div>\n\t\t\t\t<\/div>\n\t\t\t\t<div class=\"elementor-element elementor-element-3347bf2 elementor-widget elementor-widget-text-editor\" data-id=\"3347bf2\" data-element_type=\"widget\" data-e-type=\"widget\" data-widget_type=\"text-editor.default\">\n\t\t\t\t<div class=\"elementor-widget-container\">\n\t\t\t\t\t\t\t\t\t<p class=\"MsoNormal\" style=\"text-align: justify;\"><span style=\"font-size: 12.0pt; line-height: 115%; font-family: 'Arial',sans-serif;\">Il faut savoir qu\u2019en moyenne \u00e0 Valence, et sur tout le territoire que 39% des \u00e9l\u00e8ves habitent \u00e0 moins de deux kilom\u00e8tres du domicile et 25% habitent entre 2 et 5km. Dans l\u2019id\u00e9al, il est conseill\u00e9 que ces personnes prennent d\u2019autres moyens que la voiture.<\/span><\/p><p class=\"MsoNormal\" style=\"text-align: justify;\"><span style=\"font-size: 12.0pt; line-height: 115%; font-family: 'Arial',sans-serif;\">Les moyens de transports sont choisis majoritairement en fonction de la s\u00e9curit\u00e9 de l\u2019enfant, de la rapidit\u00e9 du mode de transport et le co\u00fbt du mode de transport.<\/span><\/p><p class=\"MsoNormal\" style=\"text-align: justify;\"><span style=\"font-size: 12.0pt; line-height: 115%; font-family: 'Arial',sans-serif;\">Par ailleurs, 55% des parents affirment \u00eatre pr\u00eats \u00e0 passer \u00e0 <a href=\"https:\/\/www.securite-routiere.gouv.fr\/chacun-son-mode-de-deplacement\/dangers-de-la-route-pied\/mobilite-urbaine\">la mobilit\u00e9 active<\/a>. C&rsquo;est-\u00e0-dire utiliser des moyens plus \u00e9cologiques autre que la voiture pour se rendre \u00e0 l\u2019\u00e9cole.<\/span><\/p><p class=\"MsoNormal\" style=\"text-align: justify;\"><span style=\"font-size: 12.0pt; line-height: 115%; font-family: 'Arial',sans-serif;\">Privil\u00e9gier le v\u00e9lo, le covoiturage, la marche \u00e0 pied, la trottinette sont des solutions efficaces pour se d\u00e9placer \u00e0 l\u2019\u00e9cole sans consommer de C0\u00b2.<\/span><\/p>\t\t\t\t\t\t\t\t<\/div>\n\t\t\t\t<\/div>\n\t\t\t\t<div class=\"elementor-element elementor-element-122a7ef elementor-widget elementor-widget-heading\" data-id=\"122a7ef\" data-element_type=\"widget\" data-e-type=\"widget\" data-widget_type=\"heading.default\">\n\t\t\t\t<div class=\"elementor-widget-container\">\n\t\t\t\t\t<h2 class=\"elementor-heading-title elementor-size-default\"><p style=\"text-align:justify;line-height:normal\"><b><span style=\"font-size:16.0pt;,sans-serif\">Quels sont les principaux freins et motivations de ces solutions&nbsp;? <\/span><\/b><span style=\"color: var( --e-global-color-primary );font-family: var( --e-global-typography-primary-font-family ), Sans-serif;font-size: 2rem;font-weight: var( --e-global-typography-primary-font-weight )\"><\/span><\/p><\/h2>\t\t\t\t<\/div>\n\t\t\t\t<\/div>\n\t\t\t\t<div class=\"elementor-element elementor-element-d4c4e5e elementor-widget elementor-widget-text-editor\" data-id=\"d4c4e5e\" data-element_type=\"widget\" data-e-type=\"widget\" data-widget_type=\"text-editor.default\">\n\t\t\t\t<div class=\"elementor-widget-container\">\n\t\t\t\t\t\t\t\t\t<p class=\"MsoNormal\" style=\"margin-bottom: 0cm;\"><span style=\"font-size: 12.0pt; line-height: 115%; font-family: 'Arial',sans-serif; mso-fareast-language: FR;\">Les parents estiment qu\u2019il y a un manque de s\u00e9curit\u00e9 pour 59%. <\/span><\/p><p class=\"MsoNormal\" style=\"margin-bottom: 0cm;\"><span style=\"font-size: 12.0pt; line-height: 115%; font-family: 'Arial',sans-serif; mso-fareast-language: FR;\">38% des parents trouvent qu\u2019il y a une inadaptation aux longues distances et 34% d\u2019eux estiment que <a href=\"https:\/\/www.researchgate.net\/publication\/329487872_L'impact_de_l'environnement_routier_sur_la_securite_routiere_durable\">les conditions m\u00e9t\u00e9o<\/a> peuvent les freiner de passer \u00e0 la mobilit\u00e9 active.<\/span><\/p><p class=\"MsoNormal\" style=\"margin-bottom: 0cm;\">\u00a0<\/p><p class=\"MsoNormal\" style=\"margin-bottom: 0cm;\"><span style=\"font-size: 12.0pt; line-height: 115%; font-family: 'Arial',sans-serif; mso-fareast-language: FR;\">Cependant, 47% des parents estiment que cela encourage les \u00e9l\u00e8ves \u00e0 l\u2019exercice physique. En effet, privil\u00e9gier l\u2019effort physique plut\u00f4t que consommer du taux de C0\u00b2.<\/span><\/p><p class=\"MsoNormal\" style=\"margin-bottom: 0cm;\"><span style=\"font-size: 12.0pt; line-height: 115%; font-family: 'Arial',sans-serif; mso-fareast-language: FR;\">45% des parents sont motiv\u00e9s \u00e0 passer \u00e0 la mobilit\u00e9 active pour limiter les \u00e9missions de C0\u00b2 et la pollution.<\/span><\/p><p class=\"MsoNormal\" style=\"margin-bottom: 0cm;\">\u00a0<\/p><p class=\"MsoNormal\" style=\"margin-bottom: 0cm;\"><span style=\"font-size: 12.0pt; line-height: 115%; font-family: 'Arial',sans-serif; mso-fareast-language: FR;\">Il y a du pour et du contre sur ces questions, mais il est imp\u00e9ratif qu\u2019\u00e0 Valence ou ailleurs, la voiture peut \u00eatre remplac\u00e9 par d\u2019autres moyens pour faire face \u00e0 l\u2019urgence climatique.<\/span><\/p>\t\t\t\t\t\t\t\t<\/div>\n\t\t\t\t<\/div>\n\t\t\t\t<div class=\"elementor-element elementor-element-a64044c elementor-widget elementor-widget-heading\" data-id=\"a64044c\" data-element_type=\"widget\" data-e-type=\"widget\" data-widget_type=\"heading.default\">\n\t\t\t\t<div class=\"elementor-widget-container\">\n\t\t\t\t\t<h2 class=\"elementor-heading-title elementor-size-default\"><p style=\"text-align: start;line-height: normal\">c<span style=\"font-weight: bold;font-size: 16pt;font-family: Arial, sans-serif\">es solutions ont-elles un impact positif sur la sant\u00e9 de l\u2019enfant&nbsp;? <\/span><\/p><\/h2>\t\t\t\t<\/div>\n\t\t\t\t<\/div>\n\t\t\t\t<div class=\"elementor-element elementor-element-280e08b elementor-widget elementor-widget-text-editor\" data-id=\"280e08b\" data-element_type=\"widget\" data-e-type=\"widget\" data-widget_type=\"text-editor.default\">\n\t\t\t\t<div class=\"elementor-widget-container\">\n\t\t\t\t\t\t\t\t\t<p class=\"MsoNormal\" style=\"text-align: justify;\"><span style=\"font-size: 12.0pt; line-height: 115%; font-family: 'Arial',sans-serif; mso-fareast-font-family: 'Times New Roman'; mso-fareast-language: FR;\">Bien \u00e9videmment\u00a0!<\/span><\/p><p class=\"MsoNormal\" style=\"text-align: justify;\"><span style=\"font-size: 12.0pt; line-height: 115%; font-family: 'Arial',sans-serif; mso-fareast-font-family: 'Times New Roman'; mso-fareast-language: FR;\">Tout d\u2019abord, le passage a la mobilit\u00e9 active fait gagner du temps car cela peut vous faire \u00e9viter les embouteillages.<\/span><\/p><p class=\"MsoNormal\" style=\"text-align: justify;\"><span style=\"font-size: 12.0pt; line-height: 115%; font-family: 'Arial',sans-serif; mso-fareast-font-family: 'Times New Roman'; mso-fareast-language: FR;\">Cela a donc des impacts positifs sur l\u2019enfant puisqu\u2019il y a un effort physique qui est fait. La mobilit\u00e9 active \u00e9pargne \u00e0 long terme les maladies cardio-vasculaires et 80% contr\u00f4le le poids de l\u2019enfant. Que des <a href=\"https:\/\/www.mobilites-actives.fr\/articles\/enfants-mobilites-actives.php\">bonnes nouvelles<\/a> pour l\u2019enfant\u00a0!<\/span><\/p><p class=\"MsoNormal\" style=\"text-align: justify;\"><span style=\"font-size: 12.0pt; line-height: 115%; font-family: 'Arial',sans-serif; mso-fareast-font-family: 'Times New Roman'; mso-fareast-language: FR;\">On peut constater qu\u2019il y a plus d\u2019avantages que d\u2019inconv\u00e9nients alors plus d\u2019excuses pour nos \u00e9l\u00e8ves de <a href=\"https:\/\/www.drive-innov.com\/valence\/\">l\u2019Auto-Ecole de Valence<\/a>, privil\u00e9giez la mobilit\u00e9 active si vous n\u2019\u00eates pas loin de votre \u00e9cole\u00a0!<\/span><\/p>\t\t\t\t\t\t\t\t<\/div>\n\t\t\t\t<\/div>\n\t\t\t\t<div class=\"elementor-element elementor-element-b0b6707 elementor-widget elementor-widget-heading\" data-id=\"b0b6707\" data-element_type=\"widget\" data-e-type=\"widget\" data-widget_type=\"heading.default\">\n\t\t\t\t<div class=\"elementor-widget-container\">\n\t\t\t\t\t<h2 class=\"elementor-heading-title elementor-size-default\"><p class=\"MsoNormal\" style=\"text-align:justify\"><b><span style=\"font-size:12.0pt;line-height:115%;,sans-serif\">Contactez <a href=\"https:\/\/www.drive-innov.com\/valence\/\">l\u2019Auto-Ecole de Valence<\/a> pour en savoir plus. <\/span><\/b><\/p><\/h2>\t\t\t\t<\/div>\n\t\t\t\t<\/div>\n\t\t\t\t\t<\/div>\n\t\t<\/div>\n\t\t\t\t\t<\/div>\n\t\t<\/section>\n\t\t\t\t<\/div>\n\t\t","protected":false},"excerpt":{"rendered":"<p>L&rsquo;Auto-Ecole Drive Innov de Valence va vous parler des transports domicile-\u00e9cole&#8230; Selon un sondage IFOP, l\u2019Auto-Ecole Drive Innov de Valence vous partage des informations sur le transport domicile-\u00e9cole. Quels sont les moyens de transports privil\u00e9gi\u00e9s pour aller \u00e0 l\u2019\u00e9cole&nbsp;? En France, le mode de transport le plus utilis\u00e9 reste la voiture \u00e0 usage individuel \u00e0 [&hellip;]<\/p>\n","protected":false},"author":1,"featured_media":0,"comment_status":"closed","ping_status":"closed","sticky":false,"template":"","format":"standard","meta":{"_monsterinsights_skip_tracking":false,"_monsterinsights_sitenote_active":false,"_monsterinsights_sitenote_note":"","_monsterinsights_sitenote_category":0,"_uf_show_specific_survey":0,"_uf_disable_surveys":false,"footnotes":""},"categories":[34],"tags":[],"class_list":["post-12249","post","type-post","status-publish","format-standard","hentry","category-drive-innov-valence"],"aioseo_notices":[],"jetpack_featured_media_url":"","_links":{"self":[{"href":"https:\/\/www.drive-innov.com\/valence\/wp-json\/wp\/v2\/posts\/12249","targetHints":{"allow":["GET"]}}],"collection":[{"href":"https:\/\/www.drive-innov.com\/valence\/wp-json\/wp\/v2\/posts"}],"about":[{"href":"https:\/\/www.drive-innov.com\/valence\/wp-json\/wp\/v2\/types\/post"}],"author":[{"embeddable":true,"href":"https:\/\/www.drive-innov.com\/valence\/wp-json\/wp\/v2\/users\/1"}],"replies":[{"embeddable":true,"href":"https:\/\/www.drive-innov.com\/valence\/wp-json\/wp\/v2\/comments?post=12249"}],"version-history":[{"count":3,"href":"https:\/\/www.drive-innov.com\/valence\/wp-json\/wp\/v2\/posts\/12249\/revisions"}],"predecessor-version":[{"id":15096,"href":"https:\/\/www.drive-innov.com\/valence\/wp-json\/wp\/v2\/posts\/12249\/revisions\/15096"}],"wp:attachment":[{"href":"https:\/\/www.drive-innov.com\/valence\/wp-json\/wp\/v2\/media?parent=12249"}],"wp:term":[{"taxonomy":"category","embeddable":true,"href":"https:\/\/www.drive-innov.com\/valence\/wp-json\/wp\/v2\/categories?post=12249"},{"taxonomy":"post_tag","embeddable":true,"href":"https:\/\/www.drive-innov.com\/valence\/wp-json\/wp\/v2\/tags?post=12249"}],"curies":[{"name":"wp","href":"https:\/\/api.w.org\/{rel}","templated":true}]}}